{"id":941,"date":"2014-09-09T16:43:17","date_gmt":"2014-09-09T14:43:17","guid":{"rendered":"http:\/\/www.canan.eu\/?p=941"},"modified":"2023-12-30T17:17:30","modified_gmt":"2023-12-30T15:17:30","slug":"haferkekse","status":"publish","type":"post","link":"http:\/\/www.canan.eu\/?p=941","title":{"rendered":"Haferkekse"},"content":{"rendered":"<p><div class=\"column-half first\"><img loading=\"lazy\" decoding=\"async\" src=\"http:\/\/www.canan.eu\/wp-content\/uploads\/2014\/09\/DSC_0860.jpg\" alt=\"DSC_0860\" width=\"355\" height=\"537\" class=\"aligncenter size-full wp-image-2603\" srcset=\"http:\/\/www.canan.eu\/wp-content\/uploads\/2014\/09\/DSC_0860.jpg 355w, http:\/\/www.canan.eu\/wp-content\/uploads\/2014\/09\/DSC_0860-331x500.jpg 331w\" sizes=\"auto, (max-width: 355px) 100vw, 355px\" \/><\/div>\n<div class=\"column-half second\"><img loading=\"lazy\" decoding=\"async\" src=\"http:\/\/www.canan.eu\/wp-content\/uploads\/2014\/09\/DSC_0859.jpg\" alt=\"DSC_0859\" width=\"355\" height=\"537\" class=\"aligncenter size-full wp-image-2604\" srcset=\"http:\/\/www.canan.eu\/wp-content\/uploads\/2014\/09\/DSC_0859.jpg 355w, http:\/\/www.canan.eu\/wp-content\/uploads\/2014\/09\/DSC_0859-331x500.jpg 331w\" sizes=\"auto, (max-width: 355px) 100vw, 355px\" \/><\/div><\/p>\n<p>Genau einen Monat habe ich hier pausiert. Daher wird&#8217;s dringend Zeit, dass sich mal wieder was tut. Ein paar Bilder von meinem letzten Shooting kommen da genau richtig. Voil\u00e0: vegane Haferkekse.<!--more--><\/p>\n<p>Das Ursprungs-Rezept habe ich auf dem Blog <a href=\"http:\/\/cakeinvasion.de\/haferkekse\/\" title=\"Cake Invasion\" target=\"_blank\">Cake Invasion<\/a> gefunden. Meine Variante der veganen Haferkekse kommt hier.<\/p>\n<p><img loading=\"lazy\" decoding=\"async\" src=\"http:\/\/www.canan.eu\/wp-content\/uploads\/2014\/09\/DSC_0855.jpg\" alt=\"DSC_0855\" width=\"740\" height=\"494\" class=\"aligncenter size-full wp-image-2605\" srcset=\"http:\/\/www.canan.eu\/wp-content\/uploads\/2014\/09\/DSC_0855.jpg 740w, http:\/\/www.canan.eu\/wp-content\/uploads\/2014\/09\/DSC_0855-500x334.jpg 500w, http:\/\/www.canan.eu\/wp-content\/uploads\/2014\/09\/DSC_0855-700x467.jpg 700w\" sizes=\"auto, (max-width: 740px) 100vw, 740px\" \/><\/p>\n\t\r\n\t<div class=\"sp-recipe\" id=\"printthis\">\r\n\t\t\r\n\t\t<div class=\"recipe-overview\">\r\n\t\t\t\r\n\t\t\t<div class=\"recipe-image\">\r\n\t\t\t\t\t\t\t\t<img decoding=\"async\" src=\"http:\/\/www.canan.eu\/wp-content\/uploads\/2014\/09\/DSC_0859_.jpg\">\t\t\t\t\t\t\t\t\t<a href=\"#\" onclick=\"jQuery('#printthis').print()\" class=\"sp-print\"><i class=\"fa fas fa-print\"><\/i> Print Recipe<\/a>\r\n\t\t\t\t\t\t\t<\/div>\r\n\t\t\t\r\n\t\t\t<div class=\"recipe-header\">\r\n\t\t\t\r\n\t\t\t\t<div class=\"recipe-title-header\">\r\n\t\t\t\t\r\n\t\t\t\t\t\t\t\t\t\t\t<h2>Vegane Haferkekse<\/h2>\r\n\t\t\t\t\t\t\t\t\t\t<div id=\"post-ratings-941\" class=\"post-ratings\" data-nonce=\"19cbc4888e\"><img decoding=\"async\" id=\"rating_941_1\" src=\"http:\/\/www.canan.eu\/wp-content\/plugins\/wp-postratings\/images\/stars\/rating_off.gif\" alt=\"1 Star\" title=\"1 Star\" onmouseover=\"current_rating(941, 1, '1 Star');\" onmouseout=\"ratings_off(0, 0, 0);\" onclick=\"rate_post();\" onkeypress=\"rate_post();\" style=\"cursor: pointer; border: 0px;\" \/><img decoding=\"async\" id=\"rating_941_2\" src=\"http:\/\/www.canan.eu\/wp-content\/plugins\/wp-postratings\/images\/stars\/rating_off.gif\" alt=\"2 Stars\" title=\"2 Stars\" onmouseover=\"current_rating(941, 2, '2 Stars');\" onmouseout=\"ratings_off(0, 0, 0);\" onclick=\"rate_post();\" onkeypress=\"rate_post();\" style=\"cursor: pointer; border: 0px;\" \/><img decoding=\"async\" id=\"rating_941_3\" src=\"http:\/\/www.canan.eu\/wp-content\/plugins\/wp-postratings\/images\/stars\/rating_off.gif\" alt=\"3 Stars\" title=\"3 Stars\" onmouseover=\"current_rating(941, 3, '3 Stars');\" onmouseout=\"ratings_off(0, 0, 0);\" onclick=\"rate_post();\" onkeypress=\"rate_post();\" style=\"cursor: pointer; border: 0px;\" \/><img decoding=\"async\" id=\"rating_941_4\" src=\"http:\/\/www.canan.eu\/wp-content\/plugins\/wp-postratings\/images\/stars\/rating_off.gif\" alt=\"4 Stars\" title=\"4 Stars\" onmouseover=\"current_rating(941, 4, '4 Stars');\" onmouseout=\"ratings_off(0, 0, 0);\" onclick=\"rate_post();\" onkeypress=\"rate_post();\" style=\"cursor: pointer; border: 0px;\" \/><img decoding=\"async\" id=\"rating_941_5\" src=\"http:\/\/www.canan.eu\/wp-content\/plugins\/wp-postratings\/images\/stars\/rating_off.gif\" alt=\"5 Stars\" title=\"5 Stars\" onmouseover=\"current_rating(941, 5, '5 Stars');\" onmouseout=\"ratings_off(0, 0, 0);\" onclick=\"rate_post();\" onkeypress=\"rate_post();\" style=\"cursor: pointer; border: 0px;\" \/> (No Ratings Yet)<br \/><span class=\"post-ratings-text\" id=\"ratings_941_text\"><\/span><\/div><div id=\"post-ratings-941-loading\" class=\"post-ratings-loading\"><img loading=\"lazy\" decoding=\"async\" src=\"http:\/\/www.canan.eu\/wp-content\/plugins\/wp-postratings\/images\/loading.gif\" width=\"16\" height=\"16\" class=\"post-ratings-image\" \/>Loading...<\/div>\t\t\t\t\r\n\t\t\t\t<\/div>\r\n\t\t\t\r\n\t\t\t\t\t\t\t\t<div class=\"recipe-meta\">\r\n\t\t\t\t\r\n\t\t\t\t\t<div class=\"meta-row\">\r\n\t\t\t\t\t\t\r\n\t\t\t\t\t\t<i class=\"far fa-user\"><\/i>\t\t\t\t\t\t\r\n\t\t\t\t\t\t<span class=\"recipe-meta-item\">By Canan<\/span>\t\t\t\t\t\t<span class=\"separator\">&#8211;<\/span>\t\t\t\t\t\t<span class=\"recipe-meta-item\">Serves: ca. 25 <\/span>\t\t\t\t\t\r\n\t\t\t\t\t<\/div>\r\n\t\t\t\t\t\r\n\t\t\t\t\t<div class=\"meta-row\">\r\n\t\t\t\t\t\r\n\t\t\t\t\t\t<i class=\"far fa-clock\"><\/i> \r\n\t\t\t\t\t\t\r\n\t\t\t\t\t\t\t\t\t\t\t\t\t\t\t\t\t\t<span class=\"recipe-meta-item\">Prep Time: 30 Minuten<\/span>\r\n\t\t\t\t\t\t\t\t\t\t\t\t<span class=\"separator\">&#8211;<\/span>\t\t\t\t\t\t\t\t\t\t\t\t\t\t\t\t\t\t<span class=\"recipe-meta-item\">Cooking Time: 15 Minuten<\/span>\r\n\t\t\t\t\t\t\t\t\t\t\t\t\r\n\t\t\t\t\t<\/div>\r\n\t\t\t\r\n\t\t\t\t<\/div>\r\n\t\t\t\t\t\t\t\t\r\n\t\t\t\t\t\t\t\t\t<div class=\"sep-line\"><\/div>\r\n\t\t\t\t\t<div class=\"recipe-description\"><p>Knusprige Haferkekse, vegan und lecker. <\/p><\/div>\r\n\t\t\t\t\t\t\t\r\n\t\t\t<\/div>\r\n\t\t\t\r\n\t\t<\/div>\r\n\t\t\t\r\n\t\t\t\t<div class=\"recipe-ingredients\">\r\n\t\t\t\t\t\t\t\r\n\t\t\t<h3 class=\"recipe-title\">Ingredients<\/h3>\r\n\t\t\t\r\n\t\t\t<ul>\r\n\t\t\t\t\t\t\t\t\t\t\t\t\t\t<li><span>150 g Haferflocken<\/span><\/li>\r\n\t\t\t\t\t\t\t\t\t\t\t\t\t\t\t\t\t\t\t<li><span>50 g Mehl Typ 550<\/span><\/li>\r\n\t\t\t\t\t\t\t\t\t\t\t\t\t\t\t\t\t\t\t<li><span>50 g Dinkelvollkornmehl<\/span><\/li>\r\n\t\t\t\t\t\t\t\t\t\t\t\t\t\t\t\t\t\t\t<li><span>2 TL Backpulver<\/span><\/li>\r\n\t\t\t\t\t\t\t\t\t\t\t\t\t\t\t\t\t\t\t<li><span>2 EL Kokosflocken<\/span><\/li>\r\n\t\t\t\t\t\t\t\t\t\t\t\t\t\t\t\t\t\t\t<li><span>1\/2 TL Zimt<\/span><\/li>\r\n\t\t\t\t\t\t\t\t\t\t\t\t\t\t\t\t\t\t\t<li><span>100 g Rohrohrucker<\/span><\/li>\r\n\t\t\t\t\t\t\t\t\t\t\t\t\t\t\t\t\t\t\t<li><span>1 EL Vanillezucker<\/span><\/li>\r\n\t\t\t\t\t\t\t\t\t\t\t\t\t\t\t\t\t\t\t<li><span>200 ml geschmacksneutrales \u00d6l<\/span><\/li>\r\n\t\t\t\t\t\t\t\t\t\t\t\t\t\t\t\t\t\t\t<li><span>180 ml Kokosmilch<\/span><\/li>\r\n\t\t\t\t\t\t\t\t\t\t\t\t<\/ul>\r\n\t\t\t\r\n\t\t<\/div>\r\n\t\t\t\t\r\n\t\t\t\t<div class=\"recipe-method\">\r\n\t\t\t\t\t\t\t\r\n\t\t\t<h3 class=\"recipe-title\">Instructions<\/h3>\r\n\t\t\t\r\n\t\t\t\t\t\t\t\t\t\r\n\t\t\t\t\t\t\t\t\t<div class=\"step\">\r\n\t\t\t\t<span class=\"step-number\">1<\/span>\r\n\t\t\t\t<div class=\"step-content\">\r\n\t\t\t\t\t<p>Die Haferflocken mit der Kokosmilch verr\u00fchren und f\u00fcr etwa 15 min. einweichen lassen. <\/p>\r\n\t\t\t\t<\/div>\r\n\t\t\t<\/div>\r\n\t\t\t\t\t\t\r\n\t\t\t\t\t\t\r\n\t\t\t\t\t\t\t\t\t<div class=\"step\">\r\n\t\t\t\t<span class=\"step-number\">2<\/span>\r\n\t\t\t\t<div class=\"step-content\">\r\n\t\t\t\t\t<p>In der Zwischenzeit die trockenen Zutaten in eine Sch\u00fcssel sieben. <\/p>\r\n\t\t\t\t<\/div>\r\n\t\t\t<\/div>\r\n\t\t\t\t\t\t\r\n\t\t\t\t\t\t\r\n\t\t\t\t\t\t\t\t\t<div class=\"step\">\r\n\t\t\t\t<span class=\"step-number\">3<\/span>\r\n\t\t\t\t<div class=\"step-content\">\r\n\t\t\t\t\t<p>Die Mehlmischung unter R\u00fchren l\u00f6ffelweise in die Haferflocken-Kokosmilch-Mischung geben.<\/p>\r\n\t\t\t\t<\/div>\r\n\t\t\t<\/div>\r\n\t\t\t\t\t\t\r\n\t\t\t\t\t\t\r\n\t\t\t\t\t\t\t\t\t<div class=\"step\">\r\n\t\t\t\t<span class=\"step-number\">4<\/span>\r\n\t\t\t\t<div class=\"step-content\">\r\n\t\t\t\t\t<p>Anschlie\u00dfend das \u00d6l hinzugeben und alles gut verr\u00fchren. <\/p>\r\n\t\t\t\t<\/div>\r\n\t\t\t<\/div>\r\n\t\t\t\t\t\t\r\n\t\t\t\t\t\t\r\n\t\t\t\t\t\t\t\t\t<div class=\"step\">\r\n\t\t\t\t<span class=\"step-number\">5<\/span>\r\n\t\t\t\t<div class=\"step-content\">\r\n\t\t\t\t\t<p>Mit zwei Essl\u00f6ffeln kleine H\u00e4ufchen auf ein Backblech klecksen. Bei ca. 180 \u00b0C f\u00fcr etwa 15 Minuten backen. <\/p>\r\n\t\t\t\t<\/div>\r\n\t\t\t<\/div>\r\n\t\t\t\t\t\t\r\n\t\t\t\t\t\t\r\n\t\t<\/div>\r\n\t\t\t\t\r\n\t\t\t\t\r\n\t\t\t\t<div class=\"recipe-notes\">\r\n\t\t\t\r\n\t\t\t<h3 class=\"recipe-title\">Notes<\/h3>\r\n\t\t\t\r\n\t\t\t<p>Wer m\u00f6chte, kann die Kekse nach dem Abk\u00fchlen noch mit veganer geschmolzener Kuvert\u00fcre bzw. veganer Schokolade \u00fcberziehen. <\/p>\r\n\t\t\t\r\n\t\t<\/div>\r\n\t\t\t\t\r\n\t\t<script type=\"application\/ld+json\">\r\n\t\t\t{\r\n\t\t\t  \"@context\": \"http:\/\/schema.org\",\r\n\t\t\t  \"@type\": \"Recipe\",\r\n\t\t\t  \"url\": \"http:\/\/www.canan.eu\/?p=941\",\r\n\t\t\t  \"author\": {\r\n\t\t\t\t\"@type\": \"Thing\",\r\n\t\t\t\t\"name\": \"Canan\"\r\n\t\t\t  },\r\n\t\t\t  \"datePublished\": \"9. September 2014\",\r\n\t\t\t  \"cookTime\": \"PT1H15M\",\r\n\t\t\t  \"description\": \"Knusprige Haferkekse, vegan und lecker. \",\r\n\t\t\t  \"image\": \"http:\/\/www.canan.eu\/wp-content\/uploads\/2014\/09\/DSC_0859_.jpg\",\r\n\t\t\t  \"recipeIngredient\": [\r\n\t\t\t\t\t\t\t\t\t\t\t\t\t\t\t\t\t\t\"150 g Haferflocken\",\t\t\t\t\t\t\t\t\t\t\t\t\t\t\t\t\t\t\t\t\t\t\t\t\"50 g Mehl Typ 550\",\t\t\t\t\t\t\t\t\t\t\t\t\t\t\t\t\t\t\t\t\t\t\t\t\"50 g Dinkelvollkornmehl\",\t\t\t\t\t\t\t\t\t\t\t\t\t\t\t\t\t\t\t\t\t\t\t\t\"2 TL Backpulver\",\t\t\t\t\t\t\t\t\t\t\t\t\t\t\t\t\t\t\t\t\t\t\t\t\"2 EL Kokosflocken\",\t\t\t\t\t\t\t\t\t\t\t\t\t\t\t\t\t\t\t\t\t\t\t\t\"1\/2 TL Zimt\",\t\t\t\t\t\t\t\t\t\t\t\t\t\t\t\t\t\t\t\t\t\t\t\t\"100 g Rohrohrucker\",\t\t\t\t\t\t\t\t\t\t\t\t\t\t\t\t\t\t\t\t\t\t\t\t\"1 EL Vanillezucker\",\t\t\t\t\t\t\t\t\t\t\t\t\t\t\t\t\t\t\t\t\t\t\t\t\"200 ml geschmacksneutrales \u00d6l\",\t\t\t\t\t\t\t\t\t\t\t\t\t\t\t\t\t\t\t\t\t\t\t\t\"180 ml Kokosmilch\"\t\t\t\t\t\t\t\t\t\t\t\t\t\t\t\t\t  ],\r\n\t\t\t \r\n\t\t\t  \"name\": \"Vegane Haferkekse\",\r\n\t\t\t  \"nutrition\": {\r\n\t\t\t\t\"@type\": \"NutritionInformation\",\r\n\t\t\t\t\"calories\": \"\",\r\n\t\t\t\t\"carbohydrateContent\": \"\",\r\n\t\t\t\t\"cholesterolContent\": \"\",\r\n\t\t\t\t\"fatContent\": \"\",\r\n\t\t\t\t\"fiberContent\": \"\",\r\n\t\t\t\t\"proteinContent\": \"\",\r\n\t\t\t\t\"saturatedFatContent\": \"\",\r\n\t\t\t\t\"sodiumContent\": \"\",\r\n\t\t\t\t\"sugarContent\": \"\",\r\n\t\t\t\t\"transFatContent\": \"\",\r\n\t\t\t\t\"unsaturatedFatContent\": \"\"\r\n\t\t\t  },\r\n\t\t\t  \"prepTime\": \"PT1H30M\",\r\n\t\t\t  \"totalTime\": \"P\",\r\n\t\t\t  \"recipeInstructions\": [\r\n\t\t\t\t\t\t\t\t\t\t\t\r\n\t\t\t\t\t\r\n\t\t\t\t\t\t\"Die Haferflocken mit der Kokosmilch verr\u00fchren und f\u00fcr etwa 15 min. einweichen lassen. \",\t\t\t\t\t\t\r\n\t\t\t\t\t\t\t\t\t\t\t\t\t\t\r\n\t\t\t\t\t\t\t\r\n\t\t\t\t\t\r\n\t\t\t\t\t\t\"In der Zwischenzeit die trockenen Zutaten in eine Sch\u00fcssel sieben. \",\t\t\t\t\t\t\r\n\t\t\t\t\t\t\t\t\t\t\t\t\t\t\r\n\t\t\t\t\t\t\t\r\n\t\t\t\t\t\r\n\t\t\t\t\t\t\"Die Mehlmischung unter R\u00fchren l\u00f6ffelweise in die Haferflocken-Kokosmilch-Mischung geben.\",\t\t\t\t\t\t\r\n\t\t\t\t\t\t\t\t\t\t\t\t\t\t\r\n\t\t\t\t\t\t\t\r\n\t\t\t\t\t\r\n\t\t\t\t\t\t\"Anschlie\u00dfend das \u00d6l hinzugeben und alles gut verr\u00fchren. \",\t\t\t\t\t\t\r\n\t\t\t\t\t\t\t\t\t\t\t\t\t\t\r\n\t\t\t\t\t\t\t\r\n\t\t\t\t\t\r\n\t\t\t\t\t\t\"Mit zwei Essl\u00f6ffeln kleine H\u00e4ufchen auf ein Backblech klecksen. Bei ca. 180 \u00b0C f\u00fcr etwa 15 Minuten backen. \"\t\t\t\t\t\t\r\n\t\t\t\t\t\t\t\t\t\t\t\t\t\t\r\n\t\t\t\t\t\t\t  ],\r\n\t\t\t  \t\t\t  \"recipeYield\": \"ca. 25 \"\t\t\t  \t\t\t}\r\n\t\t<\/script>\r\n\t\t\r\n\t<\/div>\r\n\t\n","protected":false},"excerpt":{"rendered":"<p>Genau einen Monat habe ich hier pausiert. Daher wird&#8217;s dringend Zeit, dass sich mal wieder was tut. Ein paar Bilder von meinem letzten Shooting kommen da genau richtig. Voil\u00e0: vegane Haferkekse.<\/p>\n","protected":false},"author":2,"featured_media":2602,"comment_status":"closed","ping_status":"closed","sticky":false,"template":"","format":"standard","meta":{"_jetpack_memberships_contains_paid_content":false,"footnotes":""},"categories":[1,17,43,448],"tags":[],"class_list":["post-941","post","type-post","status-publish","format-standard","has-post-thumbnail","hentry","category-alles","category-food","category-rezepte","category-vegan"],"jetpack_featured_media_url":"http:\/\/www.canan.eu\/wp-content\/uploads\/2014\/09\/DSC_0859_.jpg","jetpack_sharing_enabled":true,"_links":{"self":[{"href":"http:\/\/www.canan.eu\/index.php?rest_route=\/wp\/v2\/posts\/941","targetHints":{"allow":["GET"]}}],"collection":[{"href":"http:\/\/www.canan.eu\/index.php?rest_route=\/wp\/v2\/posts"}],"about":[{"href":"http:\/\/www.canan.eu\/index.php?rest_route=\/wp\/v2\/types\/post"}],"author":[{"embeddable":true,"href":"http:\/\/www.canan.eu\/index.php?rest_route=\/wp\/v2\/users\/2"}],"replies":[{"embeddable":true,"href":"http:\/\/www.canan.eu\/index.php?rest_route=%2Fwp%2Fv2%2Fcomments&post=941"}],"version-history":[{"count":11,"href":"http:\/\/www.canan.eu\/index.php?rest_route=\/wp\/v2\/posts\/941\/revisions"}],"predecessor-version":[{"id":2606,"href":"http:\/\/www.canan.eu\/index.php?rest_route=\/wp\/v2\/posts\/941\/revisions\/2606"}],"wp:featuredmedia":[{"embeddable":true,"href":"http:\/\/www.canan.eu\/index.php?rest_route=\/wp\/v2\/media\/2602"}],"wp:attachment":[{"href":"http:\/\/www.canan.eu\/index.php?rest_route=%2Fwp%2Fv2%2Fmedia&parent=941"}],"wp:term":[{"taxonomy":"category","embeddable":true,"href":"http:\/\/www.canan.eu\/index.php?rest_route=%2Fwp%2Fv2%2Fcategories&post=941"},{"taxonomy":"post_tag","embeddable":true,"href":"http:\/\/www.canan.eu\/index.php?rest_route=%2Fwp%2Fv2%2Ftags&post=941"}],"curies":[{"name":"wp","href":"https:\/\/api.w.org\/{rel}","templated":true}]}}