{"id":2703,"date":"2019-06-04T13:54:27","date_gmt":"2019-06-04T11:54:27","guid":{"rendered":"http:\/\/www.canan.eu\/?p=2703"},"modified":"2023-12-30T17:15:12","modified_gmt":"2023-12-30T15:15:12","slug":"eiskaffee","status":"publish","type":"post","link":"http:\/\/www.canan.eu\/?p=2703","title":{"rendered":"Eiskaffee"},"content":{"rendered":"<p><img loading=\"lazy\" decoding=\"async\" src=\"http:\/\/www.canan.eu\/wp-content\/uploads\/2019\/06\/DSC4491.jpg\" alt=\"_DSC4491\" width=\"740\" height=\"1109\" class=\"aligncenter size-full wp-image-2705\" srcset=\"http:\/\/www.canan.eu\/wp-content\/uploads\/2019\/06\/DSC4491.jpg 740w, http:\/\/www.canan.eu\/wp-content\/uploads\/2019\/06\/DSC4491-334x500.jpg 334w, http:\/\/www.canan.eu\/wp-content\/uploads\/2019\/06\/DSC4491-467x700.jpg 467w\" sizes=\"auto, (max-width: 740px) 100vw, 740px\" \/><\/p>\n<p>Ich habe erst relativ sp\u00e4t meine Vorliebe f\u00fcr Kaffee entdeckt. Und auch heute trinke ich Kaffee zwar gerne, aber z\u00e4hle mich nicht zur Gruppe der S\u00fcchtigen, die ihren Tag nicht ohne die obligatorische Tasse braunen Golds beginnen k\u00f6nnen. Kaffee steht bei mir eher mittags auf dem Plan und das auch nicht t\u00e4glich. <\/p>\n<p>Bisher kannte ich eigentlich nur den klassischen Eiskaffee aus dem Eiscaf\u00e9 \u2013 der hat mir allerdings nie geschmeckt. Viel zu bitter und ohne Aroma. Daher habe ich auch zu Hause fr\u00fcher nie daran gedacht, mir einen Eiskaffee zu machen. Bis vor vier Jahren. Da war ich im Urlaub und trank zum ersten Mal einen richtig leckeren Eiskaffee. Er bestand eigentlich nur aus vier Zutaten: Milch, Instantkaffeepulver, Zucker und Eisw\u00fcrfeln. Jeden Abend g\u00f6nnte ich mir ein Glas. Da ich aus Gr\u00fcnden nun schon einige Jahre auf Kuhmilch verzichte, dachte ich eigentlich, nie wieder in den Genuss eines guten, aromatischen Eiskaffees zu kommen. Was f\u00fcr ein Verlust! Doch mit den \u00fcblichen veganen Milchalternativen konnte keines der anger\u00fchrten Getr\u00e4nke \u00fcberzeugen. <\/p>\n<p><div class=\"column-half first\"><img loading=\"lazy\" decoding=\"async\" src=\"http:\/\/www.canan.eu\/wp-content\/uploads\/2019\/06\/DSC4470.jpg\" alt=\"_DSC4470\" width=\"355\" height=\"537\" class=\"aligncenter size-full wp-image-2706\" srcset=\"http:\/\/www.canan.eu\/wp-content\/uploads\/2019\/06\/DSC4470.jpg 355w, http:\/\/www.canan.eu\/wp-content\/uploads\/2019\/06\/DSC4470-331x500.jpg 331w\" sizes=\"auto, (max-width: 355px) 100vw, 355px\" \/><\/div>\n<div class=\"column-half second\"><img loading=\"lazy\" decoding=\"async\" src=\"http:\/\/www.canan.eu\/wp-content\/uploads\/2019\/06\/DSC4472.jpg\" alt=\"_DSC4472\" width=\"355\" height=\"537\" class=\"aligncenter size-full wp-image-2707\" srcset=\"http:\/\/www.canan.eu\/wp-content\/uploads\/2019\/06\/DSC4472.jpg 355w, http:\/\/www.canan.eu\/wp-content\/uploads\/2019\/06\/DSC4472-331x500.jpg 331w\" sizes=\"auto, (max-width: 355px) 100vw, 355px\" \/><\/div><\/p>\n<p>Bis zum letzten Jahr. Da entdeckte ich die Baristamilch eines namhaften deutschen Drogeriemarktes. Sie besteht aus Hafermilch mit einem geringen Sojamilchanteil und hat mich geschmacklich schon bei warmem Kaffee wirklich sehr \u00fcberzeugt. Und endlich fand ich eine vegane Milch, mit der ich meinen leckeren Eiskaffee zubereiten konnte! Seit dem freue ich mich \u2013 wie damals im Urlaub \u2013 an jedem Sommerabend auf mein Glas veganen Eiskaffees. <\/p>\n\t\r\n\t<div class=\"sp-recipe\" id=\"printthis\">\r\n\t\t\r\n\t\t<div class=\"recipe-overview\">\r\n\t\t\t\r\n\t\t\t<div class=\"recipe-image\">\r\n\t\t\t\t\t\t\t\t<img decoding=\"async\" src=\"http:\/\/www.canan.eu\/wp-content\/uploads\/2019\/06\/DSC4491_.jpg\">\t\t\t\t\t\t\t\t\t<a href=\"#\" onclick=\"jQuery('#printthis').print()\" class=\"sp-print\"><i class=\"fa fas fa-print\"><\/i> Print Recipe<\/a>\r\n\t\t\t\t\t\t\t<\/div>\r\n\t\t\t\r\n\t\t\t<div class=\"recipe-header\">\r\n\t\t\t\r\n\t\t\t\t<div class=\"recipe-title-header\">\r\n\t\t\t\t\r\n\t\t\t\t\t\t\t\t\t\t\t<h2>Eiskaffee<\/h2>\r\n\t\t\t\t\t\t\t\t\t\t<div id=\"post-ratings-2703\" class=\"post-ratings\" data-nonce=\"7c49f7a166\"><img decoding=\"async\" id=\"rating_2703_1\" src=\"http:\/\/www.canan.eu\/wp-content\/plugins\/wp-postratings\/images\/stars\/rating_on.gif\" alt=\"1 Star\" title=\"1 Star\" onmouseover=\"current_rating(2703, 1, '1 Star');\" onmouseout=\"ratings_off(3, 0, 0);\" onclick=\"rate_post();\" onkeypress=\"rate_post();\" style=\"cursor: pointer; border: 0px;\" \/><img decoding=\"async\" id=\"rating_2703_2\" src=\"http:\/\/www.canan.eu\/wp-content\/plugins\/wp-postratings\/images\/stars\/rating_on.gif\" alt=\"2 Stars\" title=\"2 Stars\" onmouseover=\"current_rating(2703, 2, '2 Stars');\" onmouseout=\"ratings_off(3, 0, 0);\" onclick=\"rate_post();\" onkeypress=\"rate_post();\" style=\"cursor: pointer; border: 0px;\" \/><img decoding=\"async\" id=\"rating_2703_3\" src=\"http:\/\/www.canan.eu\/wp-content\/plugins\/wp-postratings\/images\/stars\/rating_on.gif\" alt=\"3 Stars\" title=\"3 Stars\" onmouseover=\"current_rating(2703, 3, '3 Stars');\" onmouseout=\"ratings_off(3, 0, 0);\" onclick=\"rate_post();\" onkeypress=\"rate_post();\" style=\"cursor: pointer; border: 0px;\" \/><img decoding=\"async\" id=\"rating_2703_4\" src=\"http:\/\/www.canan.eu\/wp-content\/plugins\/wp-postratings\/images\/stars\/rating_off.gif\" alt=\"4 Stars\" title=\"4 Stars\" onmouseover=\"current_rating(2703, 4, '4 Stars');\" onmouseout=\"ratings_off(3, 0, 0);\" onclick=\"rate_post();\" onkeypress=\"rate_post();\" style=\"cursor: pointer; border: 0px;\" \/><img decoding=\"async\" id=\"rating_2703_5\" src=\"http:\/\/www.canan.eu\/wp-content\/plugins\/wp-postratings\/images\/stars\/rating_off.gif\" alt=\"5 Stars\" title=\"5 Stars\" onmouseover=\"current_rating(2703, 5, '5 Stars');\" onmouseout=\"ratings_off(3, 0, 0);\" onclick=\"rate_post();\" onkeypress=\"rate_post();\" style=\"cursor: pointer; border: 0px;\" \/> (<strong>1<\/strong> votes, average: <strong>3,00<\/strong> out of 5)<br \/><span class=\"post-ratings-text\" id=\"ratings_2703_text\"><\/span><\/div><div id=\"post-ratings-2703-loading\" class=\"post-ratings-loading\"><img loading=\"lazy\" decoding=\"async\" src=\"http:\/\/www.canan.eu\/wp-content\/plugins\/wp-postratings\/images\/loading.gif\" width=\"16\" height=\"16\" class=\"post-ratings-image\" \/>Loading...<\/div>\t\t\t\t\r\n\t\t\t\t<\/div>\r\n\t\t\t\r\n\t\t\t\t\t\t\t\t<div class=\"recipe-meta\">\r\n\t\t\t\t\r\n\t\t\t\t\t<div class=\"meta-row\">\r\n\t\t\t\t\t\t\r\n\t\t\t\t\t\t<i class=\"far fa-user\"><\/i>\t\t\t\t\t\t\r\n\t\t\t\t\t\t<span class=\"recipe-meta-item\">By Canan<\/span>\t\t\t\t\t\t<span class=\"separator\">&#8211;<\/span>\t\t\t\t\t\t<span class=\"recipe-meta-item\">Serves: 1<\/span>\t\t\t\t\t\r\n\t\t\t\t\t<\/div>\r\n\t\t\t\t\t\r\n\t\t\t\t\t<div class=\"meta-row\">\r\n\t\t\t\t\t\r\n\t\t\t\t\t\t<i class=\"far fa-clock\"><\/i> \r\n\t\t\t\t\t\t\r\n\t\t\t\t\t\t\t\t\t\t\t\t\t\t\t\t\t\t<span class=\"recipe-meta-item\">Prep Time: 5 Minuten<\/span>\r\n\t\t\t\t\t\t\t\t\t\t\t\t<span class=\"separator\">&#8211;<\/span>\t\t\t\t\t\t\t\t\t\t\t\t\t\t\t\t\t\t<span class=\"recipe-meta-item\">Cooking Time: 0 Minuten<\/span>\r\n\t\t\t\t\t\t\t\t\t\t\t\t\r\n\t\t\t\t\t<\/div>\r\n\t\t\t\r\n\t\t\t\t<\/div>\r\n\t\t\t\t\t\t\t\t\r\n\t\t\t\t\t\t\t\t\t<div class=\"sep-line\"><\/div>\r\n\t\t\t\t\t<div class=\"recipe-description\"><p>Ein leckeres, erfrischendes Sommergetr\u00e4nk in veganer Variante<\/p><\/div>\r\n\t\t\t\t\t\t\t\r\n\t\t\t<\/div>\r\n\t\t\t\r\n\t\t<\/div>\r\n\t\t\t\r\n\t\t\t\t<div class=\"recipe-ingredients\">\r\n\t\t\t\t\t\t\t\r\n\t\t\t<h3 class=\"recipe-title\">Ingredients<\/h3>\r\n\t\t\t\r\n\t\t\t<ul>\r\n\t\t\t\t\t\t\t\t\t\t\t\t\t\t<li><span>180 ml Barista Hafer-\/Sojamilch<\/span><\/li>\r\n\t\t\t\t\t\t\t\t\t\t\t\t\t\t\t\t\t\t\t<li><span>1 doppelter Espresso<\/span><\/li>\r\n\t\t\t\t\t\t\t\t\t\t\t\t\t\t\t\t\t\t\t<li><span>4-5 Eisw\u00fcrfel<\/span><\/li>\r\n\t\t\t\t\t\t\t\t\t\t\t\t\t\t\t\t\t\t\t<li><span>nach Bedarf 2 TL Vanillezucker<\/span><\/li>\r\n\t\t\t\t\t\t\t\t\t\t\t\t<\/ul>\r\n\t\t\t\r\n\t\t<\/div>\r\n\t\t\t\t\r\n\t\t\t\t<div class=\"recipe-method\">\r\n\t\t\t\t\t\t\t\r\n\t\t\t<h3 class=\"recipe-title\">Instructions<\/h3>\r\n\t\t\t\r\n\t\t\t\t\t\t\t\t\t\r\n\t\t\t\t\t\t\t\t\t<div class=\"step\">\r\n\t\t\t\t<span class=\"step-number\">1<\/span>\r\n\t\t\t\t<div class=\"step-content\">\r\n\t\t\t\t\t<p>Zun\u00e4chst den doppelten Espresso aufbr\u00fchen \u2013 idealerweise mit einer guten Espressomaschine. <\/p>\r\n\t\t\t\t<\/div>\r\n\t\t\t<\/div>\r\n\t\t\t\t\t\t\r\n\t\t\t\t\t\t\r\n\t\t\t\t\t\t\t\t\t<div class=\"step\">\r\n\t\t\t\t<span class=\"step-number\">2<\/span>\r\n\t\t\t\t<div class=\"step-content\">\r\n\t\t\t\t\t<p>Vanillezucker in den noch hei\u00dfen Kaffee einr\u00fchren und abk\u00fchlen lassen. Sp\u00e4ter in den K\u00fchlschrank stellen.<\/p>\r\n\t\t\t\t<\/div>\r\n\t\t\t<\/div>\r\n\t\t\t\t\t\t\r\n\t\t\t\t\t\t\r\n\t\t\t\t\t\t\t\t\t<div class=\"step\">\r\n\t\t\t\t<span class=\"step-number\">3<\/span>\r\n\t\t\t\t<div class=\"step-content\">\r\n\t\t\t\t\t<p>Gek\u00fchlte Barista Hafer-\/Sojamilch in einem Glass leicht schaumig aufschlagen. <\/p>\r\n\t\t\t\t<\/div>\r\n\t\t\t<\/div>\r\n\t\t\t\t\t\t\r\n\t\t\t\t\t\t\r\n\t\t\t\t\t\t\t\t\t<div class=\"step\">\r\n\t\t\t\t<span class=\"step-number\">4<\/span>\r\n\t\t\t\t<div class=\"step-content\">\r\n\t\t\t\t\t<p>Eisw\u00fcrfel in ein Glas geben und mit dem kalten Kaffee \u00fcbergie\u00dfen.<\/p>\r\n\t\t\t\t<\/div>\r\n\t\t\t<\/div>\r\n\t\t\t\t\t\t\r\n\t\t\t\t\t\t\r\n\t\t\t\t\t\t\t\t\t<div class=\"step\">\r\n\t\t\t\t<span class=\"step-number\">5<\/span>\r\n\t\t\t\t<div class=\"step-content\">\r\n\t\t\t\t\t<p>Aufgeschlagene Milch dazugeben und alles umr\u00fchren.<\/p>\r\n\t\t\t\t<\/div>\r\n\t\t\t<\/div>\r\n\t\t\t\t\t\t\r\n\t\t\t\t\t\t\r\n\t\t\t\t\t\t\t\t\t<div class=\"step\">\r\n\t\t\t\t<span class=\"step-number\">6<\/span>\r\n\t\t\t\t<div class=\"step-content\">\r\n\t\t\t\t\t<p>Im Henkelglas mit Edelstahlstrohhalm genie\u00dfen. <\/p>\r\n\t\t\t\t<\/div>\r\n\t\t\t<\/div>\r\n\t\t\t\t\t\t\r\n\t\t\t\t\t\t\r\n\t\t<\/div>\r\n\t\t\t\t\r\n\t\t\t\t\r\n\t\t\t\t<div class=\"recipe-notes\">\r\n\t\t\t\r\n\t\t\t<h3 class=\"recipe-title\">Notes<\/h3>\r\n\t\t\t\r\n\t\t\t<p>Wer noch zus\u00e4tzliche Aromen ins Spiel bringen m\u00f6chte, kann beim Aufbr\u00fchen des Kaffees auch Gew\u00fcrze wie Zimt oder Kardamom unter das Kaffeepulver r\u00fchren. \r\nDer Eiskaffee l\u00e4sst sich anstelle von normalen Eisw\u00fcrfeln aus Wasser auch super mit Kaffeeeisw\u00fcrfeln k\u00fchlen. <\/p>\r\n\t\t\t\r\n\t\t<\/div>\r\n\t\t\t\t\r\n\t\t<script type=\"application\/ld+json\">\r\n\t\t\t{\r\n\t\t\t  \"@context\": \"http:\/\/schema.org\",\r\n\t\t\t  \"@type\": \"Recipe\",\r\n\t\t\t  \"url\": \"http:\/\/www.canan.eu\/?p=2703\",\r\n\t\t\t  \"author\": {\r\n\t\t\t\t\"@type\": \"Thing\",\r\n\t\t\t\t\"name\": \"Canan\"\r\n\t\t\t  },\r\n\t\t\t  \"datePublished\": \"4. Juni 2019\",\r\n\t\t\t  \"cookTime\": \"PT1H\",\r\n\t\t\t  \"description\": \"Ein leckeres, erfrischendes Sommergetr\u00e4nk in veganer Variante\",\r\n\t\t\t  \"image\": \"http:\/\/www.canan.eu\/wp-content\/uploads\/2019\/06\/DSC4491_.jpg\",\r\n\t\t\t  \"recipeIngredient\": [\r\n\t\t\t\t\t\t\t\t\t\t\t\t\t\t\t\t\t\t\"180 ml Barista Hafer-\/Sojamilch\",\t\t\t\t\t\t\t\t\t\t\t\t\t\t\t\t\t\t\t\t\t\t\t\t\"1 doppelter Espresso\",\t\t\t\t\t\t\t\t\t\t\t\t\t\t\t\t\t\t\t\t\t\t\t\t\"4-5 Eisw\u00fcrfel\",\t\t\t\t\t\t\t\t\t\t\t\t\t\t\t\t\t\t\t\t\t\t\t\t\"nach Bedarf 2 TL Vanillezucker\"\t\t\t\t\t\t\t\t\t\t\t\t\t\t\t\t\t  ],\r\n\t\t\t \r\n\t\t\t  \"name\": \"Eiskaffee\",\r\n\t\t\t  \"nutrition\": {\r\n\t\t\t\t\"@type\": \"NutritionInformation\",\r\n\t\t\t\t\"calories\": \"\",\r\n\t\t\t\t\"carbohydrateContent\": \"\",\r\n\t\t\t\t\"cholesterolContent\": \"\",\r\n\t\t\t\t\"fatContent\": \"\",\r\n\t\t\t\t\"fiberContent\": \"\",\r\n\t\t\t\t\"proteinContent\": \"\",\r\n\t\t\t\t\"saturatedFatContent\": \"\",\r\n\t\t\t\t\"sodiumContent\": \"\",\r\n\t\t\t\t\"sugarContent\": \"\",\r\n\t\t\t\t\"transFatContent\": \"\",\r\n\t\t\t\t\"unsaturatedFatContent\": \"\"\r\n\t\t\t  },\r\n\t\t\t  \"prepTime\": \"PT1H5M\",\r\n\t\t\t  \"totalTime\": \"P\",\r\n\t\t\t  \"recipeInstructions\": [\r\n\t\t\t\t\t\t\t\t\t\t\t\r\n\t\t\t\t\t\r\n\t\t\t\t\t\t\"Zun\u00e4chst den doppelten Espresso aufbr\u00fchen \u2013 idealerweise mit einer guten Espressomaschine. \",\t\t\t\t\t\t\r\n\t\t\t\t\t\t\t\t\t\t\t\t\t\t\r\n\t\t\t\t\t\t\t\r\n\t\t\t\t\t\r\n\t\t\t\t\t\t\"Vanillezucker in den noch hei\u00dfen Kaffee einr\u00fchren und abk\u00fchlen lassen. Sp\u00e4ter in den K\u00fchlschrank stellen.\",\t\t\t\t\t\t\r\n\t\t\t\t\t\t\t\t\t\t\t\t\t\t\r\n\t\t\t\t\t\t\t\r\n\t\t\t\t\t\r\n\t\t\t\t\t\t\"Gek\u00fchlte Barista Hafer-\/Sojamilch in einem Glass leicht schaumig aufschlagen. \",\t\t\t\t\t\t\r\n\t\t\t\t\t\t\t\t\t\t\t\t\t\t\r\n\t\t\t\t\t\t\t\r\n\t\t\t\t\t\r\n\t\t\t\t\t\t\"Eisw\u00fcrfel in ein Glas geben und mit dem kalten Kaffee \u00fcbergie\u00dfen.\",\t\t\t\t\t\t\r\n\t\t\t\t\t\t\t\t\t\t\t\t\t\t\r\n\t\t\t\t\t\t\t\r\n\t\t\t\t\t\r\n\t\t\t\t\t\t\"Aufgeschlagene Milch dazugeben und alles umr\u00fchren.\",\t\t\t\t\t\t\r\n\t\t\t\t\t\t\t\t\t\t\t\t\t\t\r\n\t\t\t\t\t\t\t\r\n\t\t\t\t\t\r\n\t\t\t\t\t\t\"Im Henkelglas mit Edelstahlstrohhalm genie\u00dfen. \"\t\t\t\t\t\t\r\n\t\t\t\t\t\t\t\t\t\t\t\t\t\t\r\n\t\t\t\t\t\t\t  ],\r\n\t\t\t  \t\t\t  \"recipeYield\": \"1\",\t\t\t  \t\t\t  \"aggregateRating\": {\r\n\t\t\t\t\"@type\": \"AggregateRating\",\r\n\t\t\t\t\"bestRating\": \"5\",\r\n\t\t\t\t\"ratingValue\": \"3\",\r\n\t\t\t\t\"ratingCount\": \"1\"\r\n\t\t\t  }\r\n\t\t\t  \t\t\t}\r\n\t\t<\/script>\r\n\t\t\r\n\t<\/div>\r\n\t\n","protected":false},"excerpt":{"rendered":"<p>Ich habe erst relativ sp\u00e4t meine Vorliebe f\u00fcr Kaffee entdeckt. Und auch heute trinke ich Kaffee zwar gerne, aber z\u00e4hle mich nicht zur Gruppe der S\u00fcchtigen, die ihren Tag nicht ohne die obligatorische Tasse braunen Golds beginnen k\u00f6nnen. Kaffee steht bei mir eher mittags auf dem Plan und das auch nicht t\u00e4glich. Bisher kannte ich eigentlich nur den klassischen Eiskaffee aus dem Eiscaf\u00e9 \u2013 der hat mir allerdings nie geschmeckt. Viel zu bitter und ohne Aroma. Daher habe ich auch zu Hause fr\u00fcher nie daran gedacht, mir einen Eiskaffee zu machen. Bis vor vier Jahren. Da war ich im Urlaub und trank zum ersten Mal einen richtig leckeren Eiskaffee. Er bestand eigentlich nur aus vier Zutaten: Milch, Instantkaffeepulver, Zucker und Eisw\u00fcrfeln. Jeden Abend g\u00f6nnte ich mir ein Glas. Da ich aus Gr\u00fcnden nun schon einige Jahre auf Kuhmilch verzichte, dachte ich eigentlich, nie wieder in den Genuss eines guten, aromatischen Eiskaffees zu kommen. Was f\u00fcr ein Verlust! Doch mit den \u00fcblichen veganen Milchalternativen konnte keines der anger\u00fchrten Getr\u00e4nke \u00fcberzeugen. Bis zum letzten Jahr. Da entdeckte ich die Baristamilch eines namhaften deutschen Drogeriemarktes. Sie besteht aus Hafermilch mit einem geringen Sojamilchanteil und hat mich geschmacklich schon bei warmem Kaffee wirklich sehr [&hellip;]<\/p>\n","protected":false},"author":2,"featured_media":2704,"comment_status":"closed","ping_status":"closed","sticky":false,"template":"","format":"standard","meta":{"_jetpack_memberships_contains_paid_content":false,"footnotes":""},"categories":[1,17,5,43,448],"tags":[462,85,460,463,461,137,396,38],"class_list":["post-2703","post","type-post","status-publish","format-standard","has-post-thumbnail","hentry","category-alles","category-food","category-fotografie","category-rezepte","category-vegan","tag-coffee","tag-drink","tag-eiskaffee","tag-iced-coffee","tag-kaffee","tag-sommer","tag-sommergetraenk","tag-vegan"],"jetpack_featured_media_url":"http:\/\/www.canan.eu\/wp-content\/uploads\/2019\/06\/DSC4491_.jpg","jetpack_sharing_enabled":true,"_links":{"self":[{"href":"http:\/\/www.canan.eu\/index.php?rest_route=\/wp\/v2\/posts\/2703","targetHints":{"allow":["GET"]}}],"collection":[{"href":"http:\/\/www.canan.eu\/index.php?rest_route=\/wp\/v2\/posts"}],"about":[{"href":"http:\/\/www.canan.eu\/index.php?rest_route=\/wp\/v2\/types\/post"}],"author":[{"embeddable":true,"href":"http:\/\/www.canan.eu\/index.php?rest_route=\/wp\/v2\/users\/2"}],"replies":[{"embeddable":true,"href":"http:\/\/www.canan.eu\/index.php?rest_route=%2Fwp%2Fv2%2Fcomments&post=2703"}],"version-history":[{"count":1,"href":"http:\/\/www.canan.eu\/index.php?rest_route=\/wp\/v2\/posts\/2703\/revisions"}],"predecessor-version":[{"id":2708,"href":"http:\/\/www.canan.eu\/index.php?rest_route=\/wp\/v2\/posts\/2703\/revisions\/2708"}],"wp:featuredmedia":[{"embeddable":true,"href":"http:\/\/www.canan.eu\/index.php?rest_route=\/wp\/v2\/media\/2704"}],"wp:attachment":[{"href":"http:\/\/www.canan.eu\/index.php?rest_route=%2Fwp%2Fv2%2Fmedia&parent=2703"}],"wp:term":[{"taxonomy":"category","embeddable":true,"href":"http:\/\/www.canan.eu\/index.php?rest_route=%2Fwp%2Fv2%2Fcategories&post=2703"},{"taxonomy":"post_tag","embeddable":true,"href":"http:\/\/www.canan.eu\/index.php?rest_route=%2Fwp%2Fv2%2Ftags&post=2703"}],"curies":[{"name":"wp","href":"https:\/\/api.w.org\/{rel}","templated":true}]}}