{"id":2288,"date":"2017-08-03T19:37:49","date_gmt":"2017-08-03T17:37:49","guid":{"rendered":"http:\/\/www.canan.eu\/?p=2288"},"modified":"2023-12-30T17:15:59","modified_gmt":"2023-12-30T15:15:59","slug":"tag-der-wassermelone","status":"publish","type":"post","link":"http:\/\/www.canan.eu\/?p=2288","title":{"rendered":"Tag der Wassermelone"},"content":{"rendered":"<p><div class=\"column-half first\"><img loading=\"lazy\" decoding=\"async\" src=\"http:\/\/www.canan.eu\/wp-content\/uploads\/2017\/08\/DSC5599.jpg\" alt=\"_DSC5599\" width=\"355\" height=\"537\" class=\"aligncenter size-full wp-image-2558\" srcset=\"http:\/\/www.canan.eu\/wp-content\/uploads\/2017\/08\/DSC5599.jpg 355w, http:\/\/www.canan.eu\/wp-content\/uploads\/2017\/08\/DSC5599-331x500.jpg 331w\" sizes=\"auto, (max-width: 355px) 100vw, 355px\" \/><\/div>\n<div class=\"column-half second\"><img loading=\"lazy\" decoding=\"async\" src=\"http:\/\/www.canan.eu\/wp-content\/uploads\/2017\/08\/DSC5609.jpg\" alt=\"_DSC5609\" width=\"355\" height=\"537\" class=\"aligncenter size-full wp-image-2559\" srcset=\"http:\/\/www.canan.eu\/wp-content\/uploads\/2017\/08\/DSC5609.jpg 355w, http:\/\/www.canan.eu\/wp-content\/uploads\/2017\/08\/DSC5609-331x500.jpg 331w\" sizes=\"auto, (max-width: 355px) 100vw, 355px\" \/><\/div><\/p>\n<p>Den ganzen Vormittag habe ich heute gegr\u00fcbelt, was ich fotografieren k\u00f6nnte. Da kam mir ein Radio-Beitrag zum heutigen Tag der Wassermelone gerade recht. Also bin ich kurzerhand einkaufen gefahren und habe mir eine kleine Bio-Mini-Wassermelone gekauft und einen frischen Salat zubereitet. <!--more--><\/p>\n<p>Da sowohl Wassermelonen als auch Gurken K\u00fcrbisgew\u00e4chse sind, bietet sich die Kombination beider Fr\u00fcchte f\u00fcr einen frischen Sommersalat an. Das Rezept ist ziemlich einfach. <\/p>\n<p><img loading=\"lazy\" decoding=\"async\" src=\"http:\/\/www.canan.eu\/wp-content\/uploads\/2017\/08\/DSC5615.jpg\" alt=\"_DSC5615\" width=\"740\" height=\"1109\" class=\"aligncenter size-full wp-image-2557\" srcset=\"http:\/\/www.canan.eu\/wp-content\/uploads\/2017\/08\/DSC5615.jpg 740w, http:\/\/www.canan.eu\/wp-content\/uploads\/2017\/08\/DSC5615-334x500.jpg 334w, http:\/\/www.canan.eu\/wp-content\/uploads\/2017\/08\/DSC5615-467x700.jpg 467w\" sizes=\"auto, (max-width: 740px) 100vw, 740px\" \/><\/p>\n\t\r\n\t<div class=\"sp-recipe\" id=\"printthis\">\r\n\t\t\r\n\t\t<div class=\"recipe-overview\">\r\n\t\t\t\r\n\t\t\t<div class=\"recipe-image\">\r\n\t\t\t\t\t\t\t\t<img decoding=\"async\" src=\"http:\/\/www.canan.eu\/wp-content\/uploads\/2017\/08\/DSC5615_.jpg\">\t\t\t\t\t\t\t\t\t<a href=\"#\" onclick=\"jQuery('#printthis').print()\" class=\"sp-print\"><i class=\"fa fas fa-print\"><\/i> Print Recipe<\/a>\r\n\t\t\t\t\t\t\t<\/div>\r\n\t\t\t\r\n\t\t\t<div class=\"recipe-header\">\r\n\t\t\t\r\n\t\t\t\t<div class=\"recipe-title-header\">\r\n\t\t\t\t\r\n\t\t\t\t\t\t\t\t\t\t\t<h2>Wassermelonen-Gurken-Salat<\/h2>\r\n\t\t\t\t\t\t\t\t\t\t<div id=\"post-ratings-2288\" class=\"post-ratings\" data-nonce=\"51d4809527\"><img decoding=\"async\" id=\"rating_2288_1\" src=\"http:\/\/www.canan.eu\/wp-content\/plugins\/wp-postratings\/images\/stars\/rating_off.gif\" alt=\"1 Star\" title=\"1 Star\" onmouseover=\"current_rating(2288, 1, '1 Star');\" onmouseout=\"ratings_off(0, 0, 0);\" onclick=\"rate_post();\" onkeypress=\"rate_post();\" style=\"cursor: pointer; border: 0px;\" \/><img decoding=\"async\" id=\"rating_2288_2\" src=\"http:\/\/www.canan.eu\/wp-content\/plugins\/wp-postratings\/images\/stars\/rating_off.gif\" alt=\"2 Stars\" title=\"2 Stars\" onmouseover=\"current_rating(2288, 2, '2 Stars');\" onmouseout=\"ratings_off(0, 0, 0);\" onclick=\"rate_post();\" onkeypress=\"rate_post();\" style=\"cursor: pointer; border: 0px;\" \/><img decoding=\"async\" id=\"rating_2288_3\" src=\"http:\/\/www.canan.eu\/wp-content\/plugins\/wp-postratings\/images\/stars\/rating_off.gif\" alt=\"3 Stars\" title=\"3 Stars\" onmouseover=\"current_rating(2288, 3, '3 Stars');\" onmouseout=\"ratings_off(0, 0, 0);\" onclick=\"rate_post();\" onkeypress=\"rate_post();\" style=\"cursor: pointer; border: 0px;\" \/><img decoding=\"async\" id=\"rating_2288_4\" src=\"http:\/\/www.canan.eu\/wp-content\/plugins\/wp-postratings\/images\/stars\/rating_off.gif\" alt=\"4 Stars\" title=\"4 Stars\" onmouseover=\"current_rating(2288, 4, '4 Stars');\" onmouseout=\"ratings_off(0, 0, 0);\" onclick=\"rate_post();\" onkeypress=\"rate_post();\" style=\"cursor: pointer; border: 0px;\" \/><img decoding=\"async\" id=\"rating_2288_5\" src=\"http:\/\/www.canan.eu\/wp-content\/plugins\/wp-postratings\/images\/stars\/rating_off.gif\" alt=\"5 Stars\" title=\"5 Stars\" onmouseover=\"current_rating(2288, 5, '5 Stars');\" onmouseout=\"ratings_off(0, 0, 0);\" onclick=\"rate_post();\" onkeypress=\"rate_post();\" style=\"cursor: pointer; border: 0px;\" \/> (No Ratings Yet)<br \/><span class=\"post-ratings-text\" id=\"ratings_2288_text\"><\/span><\/div><div id=\"post-ratings-2288-loading\" class=\"post-ratings-loading\"><img loading=\"lazy\" decoding=\"async\" src=\"http:\/\/www.canan.eu\/wp-content\/plugins\/wp-postratings\/images\/loading.gif\" width=\"16\" height=\"16\" class=\"post-ratings-image\" \/>Loading...<\/div>\t\t\t\t\r\n\t\t\t\t<\/div>\r\n\t\t\t\r\n\t\t\t\t\t\t\t\t<div class=\"recipe-meta\">\r\n\t\t\t\t\r\n\t\t\t\t\t<div class=\"meta-row\">\r\n\t\t\t\t\t\t\r\n\t\t\t\t\t\t<i class=\"far fa-user\"><\/i>\t\t\t\t\t\t\r\n\t\t\t\t\t\t<span class=\"recipe-meta-item\">By Canan<\/span>\t\t\t\t\t\t<span class=\"separator\">&#8211;<\/span>\t\t\t\t\t\t<span class=\"recipe-meta-item\">Serves: 2<\/span>\t\t\t\t\t\r\n\t\t\t\t\t<\/div>\r\n\t\t\t\t\t\r\n\t\t\t\t\t<div class=\"meta-row\">\r\n\t\t\t\t\t\r\n\t\t\t\t\t\t<i class=\"far fa-clock\"><\/i> \r\n\t\t\t\t\t\t\r\n\t\t\t\t\t\t\t\t\t\t\t\t\t\t\t\t\t\t<span class=\"recipe-meta-item\">Prep Time: 20 Minuten<\/span>\r\n\t\t\t\t\t\t\t\t\t\t\t\t<span class=\"separator\">&#8211;<\/span>\t\t\t\t\t\t\t\t\t\t\t\t\t\t\t\t\t\t<span class=\"recipe-meta-item\">Cooking Time: 0 Minuten<\/span>\r\n\t\t\t\t\t\t\t\t\t\t\t\t\r\n\t\t\t\t\t<\/div>\r\n\t\t\t\r\n\t\t\t\t<\/div>\r\n\t\t\t\t\t\t\t\t\r\n\t\t\t\t\t\t\t\t\t<div class=\"sep-line\"><\/div>\r\n\t\t\t\t\t<div class=\"recipe-description\"><p>Ein erfrischender Sommersalat, der besonders durch die Kombination verschiedener Geschmackskomponenten besticht. <\/p><\/div>\r\n\t\t\t\t\t\t\t\r\n\t\t\t<\/div>\r\n\t\t\t\r\n\t\t<\/div>\r\n\t\t\t\r\n\t\t\t\t<div class=\"recipe-ingredients\">\r\n\t\t\t\t\t\t\t\r\n\t\t\t<h3 class=\"recipe-title\">Ingredients<\/h3>\r\n\t\t\t\r\n\t\t\t<ul>\r\n\t\t\t\t\t\t\t\t\t\t\t\t\t\t<li><span>1 Bio-Salatgurke<\/span><\/li>\r\n\t\t\t\t\t\t\t\t\t\t\t\t\t\t\t\t\t\t\t<li><span>1 Bio-Mini-Wassermelone<\/span><\/li>\r\n\t\t\t\t\t\t\t\t\t\t\t\t\t\t\t\t\t\t\t<li><span>200 g Bio-Rohjoghurt <\/span><\/li>\r\n\t\t\t\t\t\t\t\t\t\t\t\t\t\t\t\t\t\t\t<li><span>1 Bio-Limone<\/span><\/li>\r\n\t\t\t\t\t\t\t\t\t\t\t\t\t\t\t\t\t\t\t<li><span>etwas Pfefferminze<\/span><\/li>\r\n\t\t\t\t\t\t\t\t\t\t\t\t\t\t\t\t\t\t\t<li><span>Salz<\/span><\/li>\r\n\t\t\t\t\t\t\t\t\t\t\t\t<\/ul>\r\n\t\t\t\r\n\t\t<\/div>\r\n\t\t\t\t\r\n\t\t\t\t<div class=\"recipe-method\">\r\n\t\t\t\t\t\t\t\r\n\t\t\t<h3 class=\"recipe-title\">Instructions<\/h3>\r\n\t\t\t\r\n\t\t\t\t\t\t\t\t\t\r\n\t\t\t\t\t\t\t\t\t<div class=\"step\">\r\n\t\t\t\t<span class=\"step-number\">1<\/span>\r\n\t\t\t\t<div class=\"step-content\">\r\n\t\t\t\t\t<p>Gurke sch\u00e4len und in kleine W\u00fcrfel schneiden.<\/p>\r\n\t\t\t\t<\/div>\r\n\t\t\t<\/div>\r\n\t\t\t\t\t\t\r\n\t\t\t\t\t\t\r\n\t\t\t\t\t\t\t\t\t<div class=\"step\">\r\n\t\t\t\t<span class=\"step-number\">2<\/span>\r\n\t\t\t\t<div class=\"step-content\">\r\n\t\t\t\t\t<p>Ebenso mit der Wassermelone verfahren. <\/p>\r\n\t\t\t\t<\/div>\r\n\t\t\t<\/div>\r\n\t\t\t\t\t\t\r\n\t\t\t\t\t\t\r\n\t\t\t\t\t\t\t\t\t<div class=\"step\">\r\n\t\t\t\t<span class=\"step-number\">3<\/span>\r\n\t\t\t\t<div class=\"step-content\">\r\n\t\t\t\t\t<p>Den Joghurt mit dem Saft einer Limone und einer halben Prise Salz verr\u00fchren. <\/p>\r\n\t\t\t\t<\/div>\r\n\t\t\t<\/div>\r\n\t\t\t\t\t\t\r\n\t\t\t\t\t\t\r\n\t\t\t\t\t\t\t\t\t<div class=\"step\">\r\n\t\t\t\t<span class=\"step-number\">4<\/span>\r\n\t\t\t\t<div class=\"step-content\">\r\n\t\t\t\t\t<p>Pfefferminze kleinhacken und zur Salatso\u00dfe geben. <\/p>\r\n\t\t\t\t<\/div>\r\n\t\t\t<\/div>\r\n\t\t\t\t\t\t\r\n\t\t\t\t\t\t\r\n\t\t\t\t\t\t\t\t\t<div class=\"step\">\r\n\t\t\t\t<span class=\"step-number\">5<\/span>\r\n\t\t\t\t<div class=\"step-content\">\r\n\t\t\t\t\t<p>Alles vermengen und am besten gut gek\u00fchlt servieren. <\/p>\r\n\t\t\t\t<\/div>\r\n\t\t\t<\/div>\r\n\t\t\t\t\t\t\r\n\t\t\t\t\t\t\r\n\t\t<\/div>\r\n\t\t\t\t\r\n\t\t\t\t\r\n\t\t\t\t<div class=\"recipe-notes\">\r\n\t\t\t\r\n\t\t\t<h3 class=\"recipe-title\">Notes<\/h3>\r\n\t\t\t\r\n\t\t\t<p>Wer es besonders \u00e4sthetisch mag, kann Gurken und Wassermelonen mit Gem\u00fcse- bzw. Keksausstechern in sch\u00f6ne Formen schneiden. <\/p>\r\n\t\t\t\r\n\t\t<\/div>\r\n\t\t\t\t\r\n\t\t<script type=\"application\/ld+json\">\r\n\t\t\t{\r\n\t\t\t  \"@context\": \"http:\/\/schema.org\",\r\n\t\t\t  \"@type\": \"Recipe\",\r\n\t\t\t  \"url\": \"http:\/\/www.canan.eu\/?p=2288\",\r\n\t\t\t  \"author\": {\r\n\t\t\t\t\"@type\": \"Thing\",\r\n\t\t\t\t\"name\": \"Canan\"\r\n\t\t\t  },\r\n\t\t\t  \"datePublished\": \"3. August 2017\",\r\n\t\t\t  \"cookTime\": \"PT1H\",\r\n\t\t\t  \"description\": \"Ein erfrischender Sommersalat, der besonders durch die Kombination verschiedener Geschmackskomponenten besticht. \",\r\n\t\t\t  \"image\": \"http:\/\/www.canan.eu\/wp-content\/uploads\/2017\/08\/DSC5615_.jpg\",\r\n\t\t\t  \"recipeIngredient\": [\r\n\t\t\t\t\t\t\t\t\t\t\t\t\t\t\t\t\t\t\"1 Bio-Salatgurke\",\t\t\t\t\t\t\t\t\t\t\t\t\t\t\t\t\t\t\t\t\t\t\t\t\"1 Bio-Mini-Wassermelone\",\t\t\t\t\t\t\t\t\t\t\t\t\t\t\t\t\t\t\t\t\t\t\t\t\"200 g Bio-Rohjoghurt \",\t\t\t\t\t\t\t\t\t\t\t\t\t\t\t\t\t\t\t\t\t\t\t\t\"1 Bio-Limone\",\t\t\t\t\t\t\t\t\t\t\t\t\t\t\t\t\t\t\t\t\t\t\t\t\"etwas Pfefferminze\",\t\t\t\t\t\t\t\t\t\t\t\t\t\t\t\t\t\t\t\t\t\t\t\t\"Salz\"\t\t\t\t\t\t\t\t\t\t\t\t\t\t\t\t\t  ],\r\n\t\t\t \r\n\t\t\t  \"name\": \"Wassermelonen-Gurken-Salat\",\r\n\t\t\t  \"nutrition\": {\r\n\t\t\t\t\"@type\": \"NutritionInformation\",\r\n\t\t\t\t\"calories\": \"\",\r\n\t\t\t\t\"carbohydrateContent\": \"\",\r\n\t\t\t\t\"cholesterolContent\": \"\",\r\n\t\t\t\t\"fatContent\": \"\",\r\n\t\t\t\t\"fiberContent\": \"\",\r\n\t\t\t\t\"proteinContent\": \"\",\r\n\t\t\t\t\"saturatedFatContent\": \"\",\r\n\t\t\t\t\"sodiumContent\": \"\",\r\n\t\t\t\t\"sugarContent\": \"\",\r\n\t\t\t\t\"transFatContent\": \"\",\r\n\t\t\t\t\"unsaturatedFatContent\": \"\"\r\n\t\t\t  },\r\n\t\t\t  \"prepTime\": \"PT1H20M\",\r\n\t\t\t  \"totalTime\": \"P\",\r\n\t\t\t  \"recipeInstructions\": [\r\n\t\t\t\t\t\t\t\t\t\t\t\r\n\t\t\t\t\t\r\n\t\t\t\t\t\t\"Gurke sch\u00e4len und in kleine W\u00fcrfel schneiden.\",\t\t\t\t\t\t\r\n\t\t\t\t\t\t\t\t\t\t\t\t\t\t\r\n\t\t\t\t\t\t\t\r\n\t\t\t\t\t\r\n\t\t\t\t\t\t\"Ebenso mit der Wassermelone verfahren. \",\t\t\t\t\t\t\r\n\t\t\t\t\t\t\t\t\t\t\t\t\t\t\r\n\t\t\t\t\t\t\t\r\n\t\t\t\t\t\r\n\t\t\t\t\t\t\"Den Joghurt mit dem Saft einer Limone und einer halben Prise Salz verr\u00fchren. \",\t\t\t\t\t\t\r\n\t\t\t\t\t\t\t\t\t\t\t\t\t\t\r\n\t\t\t\t\t\t\t\r\n\t\t\t\t\t\r\n\t\t\t\t\t\t\"Pfefferminze kleinhacken und zur Salatso\u00dfe geben. \",\t\t\t\t\t\t\r\n\t\t\t\t\t\t\t\t\t\t\t\t\t\t\r\n\t\t\t\t\t\t\t\r\n\t\t\t\t\t\r\n\t\t\t\t\t\t\"Alles vermengen und am besten gut gek\u00fchlt servieren. \"\t\t\t\t\t\t\r\n\t\t\t\t\t\t\t\t\t\t\t\t\t\t\r\n\t\t\t\t\t\t\t  ],\r\n\t\t\t  \t\t\t  \"recipeYield\": \"2\"\t\t\t  \t\t\t}\r\n\t\t<\/script>\r\n\t\t\r\n\t<\/div>\r\n\t\n","protected":false},"excerpt":{"rendered":"<p>Den ganzen Vormittag habe ich heute gegr\u00fcbelt, was ich fotografieren k\u00f6nnte. Da kam mir ein Radio-Beitrag zum heutigen Tag der Wassermelone gerade recht. Also bin ich kurzerhand einkaufen gefahren und habe mir eine kleine Bio-Mini-Wassermelone gekauft und einen frischen Salat zubereitet.<\/p>\n","protected":false},"author":2,"featured_media":2561,"comment_status":"closed","ping_status":"closed","sticky":false,"template":"","format":"standard","meta":{"_jetpack_memberships_contains_paid_content":false,"footnotes":""},"categories":[1,17,5,43],"tags":[435,22,40,36,439,37,441,47,75,137,440,437,438,436],"class_list":["post-2288","post","type-post","status-publish","format-standard","has-post-thumbnail","hentry","category-alles","category-food","category-fotografie","category-rezepte","tag-cucumber","tag-food-2","tag-foodfotografie","tag-frisch","tag-gurke","tag-lecker","tag-recipe","tag-rezept","tag-salat","tag-sommer","tag-sommersalat","tag-tag-der-wassermelone","tag-wassermelone","tag-watermelon"],"jetpack_featured_media_url":"http:\/\/www.canan.eu\/wp-content\/uploads\/2017\/08\/DSC5615_.jpg","jetpack_sharing_enabled":true,"_links":{"self":[{"href":"http:\/\/www.canan.eu\/index.php?rest_route=\/wp\/v2\/posts\/2288","targetHints":{"allow":["GET"]}}],"collection":[{"href":"http:\/\/www.canan.eu\/index.php?rest_route=\/wp\/v2\/posts"}],"about":[{"href":"http:\/\/www.canan.eu\/index.php?rest_route=\/wp\/v2\/types\/post"}],"author":[{"embeddable":true,"href":"http:\/\/www.canan.eu\/index.php?rest_route=\/wp\/v2\/users\/2"}],"replies":[{"embeddable":true,"href":"http:\/\/www.canan.eu\/index.php?rest_route=%2Fwp%2Fv2%2Fcomments&post=2288"}],"version-history":[{"count":6,"href":"http:\/\/www.canan.eu\/index.php?rest_route=\/wp\/v2\/posts\/2288\/revisions"}],"predecessor-version":[{"id":2560,"href":"http:\/\/www.canan.eu\/index.php?rest_route=\/wp\/v2\/posts\/2288\/revisions\/2560"}],"wp:featuredmedia":[{"embeddable":true,"href":"http:\/\/www.canan.eu\/index.php?rest_route=\/wp\/v2\/media\/2561"}],"wp:attachment":[{"href":"http:\/\/www.canan.eu\/index.php?rest_route=%2Fwp%2Fv2%2Fmedia&parent=2288"}],"wp:term":[{"taxonomy":"category","embeddable":true,"href":"http:\/\/www.canan.eu\/index.php?rest_route=%2Fwp%2Fv2%2Fcategories&post=2288"},{"taxonomy":"post_tag","embeddable":true,"href":"http:\/\/www.canan.eu\/index.php?rest_route=%2Fwp%2Fv2%2Ftags&post=2288"}],"curies":[{"name":"wp","href":"https:\/\/api.w.org\/{rel}","templated":true}]}}